{"id":9145,"date":"2012-05-31T00:07:40","date_gmt":"2012-05-30T22:07:40","guid":{"rendered":"https:\/\/www.dreamsworld.it\/emanuele\/?p=9145"},"modified":"2016-05-16T17:52:56","modified_gmt":"2016-05-16T15:52:56","slug":"save-the-children-ricordiamoci-dellinfanzia","status":"publish","type":"post","link":"https:\/\/www.dreamsworld.it\/emanuele\/2012-05-31\/save-the-children-ricordiamoci-dellinfanzia\/","title":{"rendered":"Save the Children: &#8220;Ricordiamoci dell&#8217;infanzia&#8221;."},"content":{"rendered":"<p>Questo \u00e8 un articolo sponsorizzato, ma sono libero di esprimere la mia opinione.<\/p>\n<p style=\"text-align: center;\">~~~<\/p>\n<p>Mi \u00e8 stato chiesto di parlarvi di una iniziativa di Save the Children titolata &#8220;<a title=\"Save the Children - Ricordiamoci dell'infanzia\" href=\"http:\/\/www.ricordiamocidellinfanzia.it\" target=\"_blank\"><em>Ricordiamoci dell&#8217;infanzia<\/em><\/a>&#8221; e, nonostante il pochissimo tempo libero che mi rimane in questo periodo, ho pensato di non potermi tirare indietro. Sono cresciuto pensando che <strong>la povert\u00e0 non sia da cercare distante<\/strong> ma che &#8211; situazioni di disagio e degrado &#8211; si possano facilmente trovare a due passi dalle case in cui abitiamo. Sono stato in Africa la scorsa estate, non per cercare una realt\u00e0 &#8220;da terzo mondo&#8221; in cui <a title=\"Il compito pi\u00f9 bello per un missionario \u00e8 quello di non far nulla.\" href=\"\/\/www.dreamsworld.it\/emanuele\/2011-08-25\/il-compito-piu-bello-per-un-missionario-e-quello-di-non-far-nulla\/\">spendermi<\/a> (<em>sebbene poi sia inevitabile farlo<\/em>) quanto, pi\u00f9 che altro, per assorbire il pi\u00f9 possibile da una societ\u00e0 differente dalla nostra.<\/p>\n<p style=\"text-align: center;\"><img loading=\"lazy\" decoding=\"async\" class=\"aligncenter size-full wp-image-9147\" title=\"Save the Children - Campagna: &quot;Ricordati dell'infanzia&quot;\" src=\"\/\/www.dreamsworld.it\/emanuele\/wp-content\/uploads\/2012\/05\/2012-05-31_save_the_children_-_ricordati_infanzia.jpg\" alt=\"Save the Children - Campagna: &quot;Ricordati dell'infanzia&quot;\" width=\"500\" height=\"251\" \/><\/p>\n<p>Save the Children con la campagna &#8220;<em>Ricordiamoci dell&#8217;infanzia<\/em>&#8221; fa un passetto in pi\u00f9: non vuol preoccuparsi semplicemente dei <strong>bambini disagiati di oggi<\/strong> ma di quelli che, in futuro, potranno esserlo per via di <strong>politiche non orientate allo sviluppo<\/strong>. Si calcola ad esempio che solo un bambino su dieci figlio di un genitore non diplomato riuscir\u00e0 a laurearsi: gli altri nove sono destinati a rimanere culturalmente indietro trasformandosi col tempo in soggetti a pi\u00f9 forte rischio di indigenza.<\/p>\n<p>L&#8217;appello che potete <strong>sottoscrivere<\/strong> (<a title=\"Ricordiamoci dell'infanzia - Manifesto\" href=\"http:\/\/www.ricordiamocidellinfanzia.it\/manifesto\/\" target=\"_blank\">qui trovate il manifesto<\/a>) invita l&#8217;attuale Governo ad avviare un percorso delineato da <strong>tappe misurabili<\/strong> per costruire un futuro diverso per i pi\u00f9 piccoli. L&#8217;iniziativa presumo voglia esser distante da qualche credo politico e cos\u00ec va intesa non come un attacco quanto come una domanda di <strong>ulteriore attenzione<\/strong> verso questi problemi. Penso possa essere una bella cosa, specie in questo periodo in cui si sta tentando di risanare il paese e le strategie per farlo sono tutte in costruzione.<\/p>\n<p><strong>Emanuele<\/strong><\/p>\n<p>PS: per l&#8217;occasione Save the Children ha realizzato anche <a href=\"https:\/\/www.youtube.com\/watch?v=SsMTY9EfrYY\" title=\"Youtube - Bambino interrompe Mario Monti in una conferenza stampa\" target=\"_blank\">un video<\/a> in cui Mario Monti viene interrotto da un bambino durante una conferenza stampa&#8230;<\/p>\n","protected":false},"excerpt":{"rendered":"<p>Questo \u00e8 un articolo sponsorizzato, ma sono libero di esprimere la mia opinione. ~~~ Mi \u00e8 stato chiesto di parlarvi di una iniziativa di Save the Children titolata &#8220;Ricordiamoci dell&#8217;infanzia&#8221; e, nonostante il pochissimo tempo libero che mi rimane in &hellip; <a href=\"https:\/\/www.dreamsworld.it\/emanuele\/2012-05-31\/save-the-children-ricordiamoci-dellinfanzia\/\">Leggi ancora &rarr;<\/a><\/p>\n","protected":false},"author":1,"featured_media":0,"comment_status":"open","ping_status":"closed","sticky":false,"template":"","format":"standard","meta":{"_jetpack_memberships_contains_paid_content":false,"activitypub_content_warning":"","activitypub_content_visibility":"","activitypub_max_image_attachments":4,"activitypub_interaction_policy_quote":"anyone","activitypub_status":"","footnotes":""},"categories":[5],"tags":[219,358,1429,110,146,149,74,273,94,17,2498,1139,245],"class_list":["post-9145","post","type-post","status-publish","format-standard","hentry","category-dal-mondo","tag-bambini","tag-difficolta","tag-economia","tag-futuro","tag-infanzia","tag-italia","tag-lavoro","tag-politica","tag-poverta","tag-progetto","tag-save-the-children","tag-societa","tag-soldi"],"jetpack_featured_media_url":"","jetpack_sharing_enabled":true,"_links":{"self":[{"href":"https:\/\/www.dreamsworld.it\/emanuele\/wp-json\/wp\/v2\/posts\/9145","targetHints":{"allow":["GET"]}}],"collection":[{"href":"https:\/\/www.dreamsworld.it\/emanuele\/wp-json\/wp\/v2\/posts"}],"about":[{"href":"https:\/\/www.dreamsworld.it\/emanuele\/wp-json\/wp\/v2\/types\/post"}],"author":[{"embeddable":true,"href":"https:\/\/www.dreamsworld.it\/emanuele\/wp-json\/wp\/v2\/users\/1"}],"replies":[{"embeddable":true,"href":"https:\/\/www.dreamsworld.it\/emanuele\/wp-json\/wp\/v2\/comments?post=9145"}],"version-history":[{"count":0,"href":"https:\/\/www.dreamsworld.it\/emanuele\/wp-json\/wp\/v2\/posts\/9145\/revisions"}],"wp:attachment":[{"href":"https:\/\/www.dreamsworld.it\/emanuele\/wp-json\/wp\/v2\/media?parent=9145"}],"wp:term":[{"taxonomy":"category","embeddable":true,"href":"https:\/\/www.dreamsworld.it\/emanuele\/wp-json\/wp\/v2\/categories?post=9145"},{"taxonomy":"post_tag","embeddable":true,"href":"https:\/\/www.dreamsworld.it\/emanuele\/wp-json\/wp\/v2\/tags?post=9145"}],"curies":[{"name":"wp","href":"https:\/\/api.w.org\/{rel}","templated":true}]}}