{"id":8330,"date":"2011-03-06T12:00:48","date_gmt":"2011-03-06T11:00:48","guid":{"rendered":"https:\/\/www.dreamsworld.it\/emanuele\/?p=8330"},"modified":"2011-03-10T09:32:38","modified_gmt":"2011-03-10T08:32:38","slug":"il-contrasto-e-la-chiave-di-volta","status":"publish","type":"post","link":"https:\/\/www.dreamsworld.it\/emanuele\/2011-03-06\/il-contrasto-e-la-chiave-di-volta\/","title":{"rendered":"Il contrasto \u00e8 la chiave di volta."},"content":{"rendered":"<p style=\"text-align: center;\"><img loading=\"lazy\" decoding=\"async\" class=\"size-full wp-image-8331 aligncenter\" title=\"Sole e spighe di grano in controluce\" src=\"\/\/www.dreamsworld.it\/emanuele\/wp-content\/uploads\/2011\/03\/2011-03-06_sole_spighe_controluce.jpg\" alt=\"Sole e spighe di grano in controluce\" width=\"500\" height=\"375\" \/><\/p>\n<blockquote>\n<p style=\"text-align: center;\"><em>La notte non \u00e8 mai cos\u00ec nera come <strong>prima dell&#8217;alba<\/strong><br \/>\nma poi l&#8217;alba sorge sempre a cancellare il buio della notte.<br \/>\nCos\u00ec <strong>ogni nostra angoscia<\/strong>, per quanto profonda prima o poi<br \/>\ntrova motivo di attenuarsi e placarsi,<br \/>\n<strong>purch\u00e9 lo vogliamo<\/strong>. Sappiamo che c&#8217;\u00e8 la luce perch\u00e9 c&#8217;\u00e8 il buio<br \/>\nche c&#8217;\u00e8 la gioia perch\u00e9 c&#8217;\u00e8 il dolore, che <strong>c&#8217;\u00e8 la pace<\/strong> perch\u00e9 c&#8217;\u00e8 la guerra<br \/>\ne dobbiamo sapere che la vita vive di questi contrasti.<\/em><\/p>\n<p style=\"text-align: right;\">Tratto da <em>&#8220;Notte infinita&#8221;<\/em> di Romano Battaglia<\/p>\n<\/blockquote>\n<p><strong>Emanuele<\/strong><\/p>\n<h6 style=\"text-align: right;\">(<a title=\"Flickr - Album di DaveyMorr\" href=\"http:\/\/www.flickr.com\/photos\/daveymorr\/\" target=\"_blank\">photo credits<\/a>)<\/h6>\n","protected":false},"excerpt":{"rendered":"<p>La notte non \u00e8 mai cos\u00ec nera come prima dell&#8217;alba ma poi l&#8217;alba sorge sempre a cancellare il buio della notte. Cos\u00ec ogni nostra angoscia, per quanto profonda prima o poi trova motivo di attenuarsi e placarsi, purch\u00e9 lo vogliamo. &hellip; <a href=\"https:\/\/www.dreamsworld.it\/emanuele\/2011-03-06\/il-contrasto-e-la-chiave-di-volta\/\">Leggi ancora &rarr;<\/a><\/p>\n","protected":false},"author":1,"featured_media":0,"comment_status":"open","ping_status":"closed","sticky":false,"template":"","format":"standard","meta":{"_jetpack_memberships_contains_paid_content":false,"activitypub_content_warning":"","activitypub_content_visibility":"","activitypub_max_image_attachments":4,"activitypub_interaction_policy_quote":"anyone","activitypub_status":"","footnotes":""},"categories":[13],"tags":[2292,654,122,1602,516,196,983,2291,532,28,2290,43,255,63],"class_list":["post-8330","post","type-post","status-publish","format-standard","hentry","category-immagini-e-parole","tag-contrasto","tag-determinazione","tag-giorno","tag-guerra","tag-impegno","tag-luce","tag-notte","tag-notte-infinita","tag-pace","tag-paura","tag-romano-battaglia","tag-serenita","tag-sole","tag-vita"],"jetpack_featured_media_url":"","jetpack_sharing_enabled":true,"_links":{"self":[{"href":"https:\/\/www.dreamsworld.it\/emanuele\/wp-json\/wp\/v2\/posts\/8330","targetHints":{"allow":["GET"]}}],"collection":[{"href":"https:\/\/www.dreamsworld.it\/emanuele\/wp-json\/wp\/v2\/posts"}],"about":[{"href":"https:\/\/www.dreamsworld.it\/emanuele\/wp-json\/wp\/v2\/types\/post"}],"author":[{"embeddable":true,"href":"https:\/\/www.dreamsworld.it\/emanuele\/wp-json\/wp\/v2\/users\/1"}],"replies":[{"embeddable":true,"href":"https:\/\/www.dreamsworld.it\/emanuele\/wp-json\/wp\/v2\/comments?post=8330"}],"version-history":[{"count":0,"href":"https:\/\/www.dreamsworld.it\/emanuele\/wp-json\/wp\/v2\/posts\/8330\/revisions"}],"wp:attachment":[{"href":"https:\/\/www.dreamsworld.it\/emanuele\/wp-json\/wp\/v2\/media?parent=8330"}],"wp:term":[{"taxonomy":"category","embeddable":true,"href":"https:\/\/www.dreamsworld.it\/emanuele\/wp-json\/wp\/v2\/categories?post=8330"},{"taxonomy":"post_tag","embeddable":true,"href":"https:\/\/www.dreamsworld.it\/emanuele\/wp-json\/wp\/v2\/tags?post=8330"}],"curies":[{"name":"wp","href":"https:\/\/api.w.org\/{rel}","templated":true}]}}