{"id":3358,"date":"2008-09-27T14:09:46","date_gmt":"2008-09-27T12:09:46","guid":{"rendered":"https:\/\/www.dreamsworld.it\/emanuele\/?p=3358"},"modified":"2018-04-18T14:06:02","modified_gmt":"2018-04-18T12:06:02","slug":"io-faro-sognare-il-mondo","status":"publish","type":"post","link":"https:\/\/www.dreamsworld.it\/emanuele\/2008-09-27\/io-faro-sognare-il-mondo\/","title":{"rendered":"Io far\u00f2 sognare il mondo."},"content":{"rendered":"<p>C&#8217;\u00e8 una canzone che <strong>mi frulla in testa da mesi<\/strong>. Vi dissi che ve ne avrei parlato&#8230; ma non lo feci pi\u00f9.<\/p>\n<p>Eppure, quello <a title=\"(-: \u02d9\u02d9\u02d9n\u0131\u0183 u\u0131 \u0250\u0287s\u01dd\u0287 \u0250 opuo\u026f l\u0131 op\u0279\u0250n\u0183\" href=\"\/\/www.dreamsworld.it\/emanuele\/2008-06-01\/%CB%99%CB%99%CB%99ni%C6%83-ui-%C9%90%CA%87s%C7%9D%CA%87-%C9%90-opuo%C9%AF-li-op%C9%B9%C9%90n%C6%83\/\" target=\"_blank\">spezzone del video<\/a>, \u00e8 rimasto <strong>fisso<\/strong> nella mia mente per mesi&#8230; tanto che <a title=\"(-: \u02d9\u02d9\u02d9n\u0131\u0183 u\u0131 \u0250\u0287s\u01dd\u0287 \u0250 opuo\u026f l\u0131 op\u0279\u0250n\u0183\" href=\"\/\/www.dreamsworld.it\/emanuele\/2008-06-01\/%CB%99%CB%99%CB%99ni%C6%83-ui-%C9%90%CA%87s%C7%9D%CA%87-%C9%90-opuo%C9%AF-li-op%C9%B9%C9%90n%C6%83\/\" target=\"_blank\">quella frase<\/a> <strong>non \u00e8 pi\u00f9 andata via<\/strong> dal mio contatto msn.<\/p>\n<p>A cantare \u00e8 <a title=\"Wikipedia - Elisa (cantante)\" href=\"https:\/\/it.wikipedia.org\/wiki\/Elisa_(cantante_1977)\" target=\"_blank\">Elisa<\/a>, probabilmente la mia cantautrice italiana <strong>preferita<\/strong>.<\/p>\n<div align=\"center\"><div style=\"width: 640px;\" class=\"wp-video\"><video class=\"wp-video-shortcode\" id=\"video-3358-1\" width=\"640\" height=\"360\" preload=\"metadata\" controls=\"controls\"><source type=\"video\/mp4\" src=\"\/\/www.dreamsworld.it\/video\/Elisa_-_Qualcosa_che_non_ce.mp4?_=1\" \/><source type=\"video\/x-flv\" src=\"\/\/www.dreamsworld.it\/video\/Elisa_-_Qualcosa_che_non_ce.flv?_=1\" \/><a href=\"\/\/www.dreamsworld.it\/video\/Elisa_-_Qualcosa_che_non_ce.mp4\">\/\/www.dreamsworld.it\/video\/Elisa_-_Qualcosa_che_non_ce.mp4<\/a><\/video><\/div><\/div>\n<p>Adoro <strong>i piccoli particolari<\/strong> che si <a title=\"Il gusto particolare per i piccoli piaceri.\" href=\"\/\/www.dreamsworld.it\/emanuele\/2008-08-22\/il-gusto-particolare-per-i-piccoli-piaceri\/\" target=\"_blank\">nascondono nelle cose<\/a>&#8230; e questo video ha qualche immagine veloce, <strong>nascosta<\/strong>, ma molto profonda.<\/p>\n<p>C&#8217;\u00e8 un abbraccio con il padre, c&#8217;\u00e8 qualche foto d&#8217;infanzia&#8230; c&#8217;\u00e8<em> &#8220;Hello, here I am&#8221;<\/em>, scritto sulla sabbia.<\/p>\n<p>Suona quasi come un messaggio subliminale inserito dentro <strong>qualcosa di pi\u00f9 grande<\/strong>. Come tre parole nascoste in un libro.<\/p>\n<blockquote><p><em>I passi svelti della gente, la disattenzione, le parole dette senza umilt\u00e0, senza cuore, cos\u00ec&#8230; solo per far rumore&#8230;<\/em><\/p><\/blockquote>\n<p>Il mondo va veloce e tanta gente passa sopra <em>tanti aspetti<\/em> molto profondi in maniera impressionante, frenetica. Crea, appunto, solo rumore.<\/p>\n<p>In questi giorni ripensavo <strong>al successo<\/strong>. Pensavo ai miei successi all&#8217;universit\u00e0&#8230; e mi chiedevo <em>&#8220;ma perch\u00e9 esulto per degli esami?&#8221;<\/em>.<\/p>\n<p>E&#8217; vero, si tratta di <strong>realizzarsi<\/strong>&#8230; ma, <strong>in che modo<\/strong>? Realizzarsi riguardo <strong>ci\u00f2 che pi\u00f9 conta<\/strong>?!<\/p>\n<p>Oppure&#8230; <em>realizzarsi<\/em> secondo la logica di questa societ\u00e0?<\/p>\n<p>E pensavo a quanto la gente si <strong>dimentichi<\/strong> di ci\u00f2 che &#8220;\u00e8 essenziale&#8221;. Tutti un giorno <strong>moriremo<\/strong>. Che ce ne faremo delle nostre lauree, dei nostri bei posti di lavoro, dei nostri lauti guadagni o delle nostre camice ben stirate?!<\/p>\n<p>Tutto quel giorno <strong>scomparir\u00e0<\/strong> e penso che ci\u00f2 che conter\u00e0 pi\u00f9 di tutto in quel momento, sar\u00e0 il modo in cui avremo affrontato la vita, e le sue difficolt\u00e0. L&#8217;attenzione ed <strong>il rispetto<\/strong> che avremo avuto verso i sentimenti, verso <em>le stagioni<\/em> della nostra vita.<\/p>\n<p>Conter\u00e0 di pi\u00f9 il nostro <em>modulo 730<\/em>, oppure <strong>la persona che siamo diventati<\/strong>?!<\/p>\n<p>E&#8217; per questo che non voglio affannarmi. E&#8217; per questo che non voglio <strong>stressarmi<\/strong> dietro a nulla.<\/p>\n<p>E questo <strong>non significa<\/strong> non impegnarsi o fare le cose distrattamente. Significa, semplicemente, imparare a prendere le cose <strong>per ci\u00f2 che sono<\/strong>.<\/p>\n<blockquote><p><em>&#8230;e se c&#8217;\u00e8 un segreto \u00e8&#8230; fare tutto come se vedessi solo il sole&#8230;<\/em><\/p><\/blockquote>\n<p>Ecco da dove arriva <a title=\"(-: \u02d9\u02d9\u02d9n\u0131\u0183 u\u0131 \u0250\u0287s\u01dd\u0287 \u0250 opuo\u026f l\u0131 op\u0279\u0250n\u0183\" href=\"\/\/www.dreamsworld.it\/emanuele\/2008-06-01\/%CB%99%CB%99%CB%99ni%C6%83-ui-%C9%90%CA%87s%C7%9D%CA%87-%C9%90-opuo%C9%AF-li-op%C9%B9%C9%90n%C6%83\/\" target=\"_blank\">l&#8217;immagine<\/a> che mesi fa pubblicai tra queste pagine. Da quel pezzo del video.<\/p>\n<p>Ed \u00e8 cos\u00ec che <strong>voglio vivere<\/strong>, <a title=\"Proiettati nell'essenziale.\" href=\"\/\/www.dreamsworld.it\/emanuele\/2008-06-19\/proiettati-nellessenziale\/\" target=\"_blank\">proiettato nell&#8217;essenziale<\/a>. E&#8217; cos\u00ec che dovremmo imparare a viver tutti.<\/p>\n<p>Qualche giorno fa, un noto blogger (<em>non lo linko, ma se vuole pu\u00f2 farsi avanti da solo nei commenti&#8230;<\/em>) <strong>mi ha contattato<\/strong> solo per dirmi: &#8220;<em>leggerti \u00e9 sempre un piacere, trasmetti la tua carica e la tua positivit\u00e0 e dire che a me tocca studiare per avere queste caratteristiche<\/em>&#8220;.<\/p>\n<p>Gli ho risposto che ovviamente mi faceva piacere ma che <strong>tutto nella vita si raggiunge con impegno<\/strong>.<\/p>\n<p>Anche la felicit\u00e0 o la <a title=\"Serenit\u00e0, il pianoforte della propria vita.\" href=\"\/\/www.dreamsworld.it\/emanuele\/2008-07-02\/serenita-il-pianoforte-della-propria-vita\/\" target=\"_blank\">serenit\u00e0<\/a>.<\/p>\n<p>E probabilmente, la frase di Elisa non \u00e8 neanche cos\u00ec stupida o da sottovalutare.<\/p>\n<p>Il segreto che sto adottando io in questi mesi \u00e8 proprio questo: vedere <strong>l&#8217;allegria<\/strong> ovunque. Anche mentre <a title=\"Adesso posso dormire un po\u2019?!\" href=\"\/\/www.dreamsworld.it\/emanuele\/2008-09-26\/adesso-posso-dormire-un-po\/\" target=\"_blank\">scappo da un&#8217;aula<\/a>. :joy:<\/p>\n<p>Ci sono momenti che <strong>mi sento un bambino<\/strong>, perch\u00e9 mi ritrovo a ridere da solo persino a letto&#8230; ripensando magari a qualcosa di <strong>buffo<\/strong> che m&#8217;\u00e8 successo.<\/p>\n<p>Io&#8230; c&#8217;ho creduto. <strong>Ho scelto di volare<\/strong> come <a title=\"L\u2019essenza \u00e8 sgretolare tutta quanta l\u2019esistenza.\" href=\"\/\/www.dreamsworld.it\/emanuele\/2008-09-12\/lessenza-e-sgretolare-tutta-quanta-lesistenza\/\" target=\"_blank\">Jonathan<\/a>.<\/p>\n<p>Vi ricordate? Mesi fa vi dissi che per essere felici, <a title=\"Mi sono innamorato.\" href=\"\/\/www.dreamsworld.it\/emanuele\/2008-05-09\/mi-sono-innamorato\/\" target=\"_blank\">basta una rincorsa<\/a>&#8230; e poi <strong>un grande salto<\/strong>.<\/p>\n<p><em>E&#8217; questione d&#8217;abitudine.<\/em> L&#8217;uomo \u00e8 un animale abitudinario&#8230; e cos\u00ec, ho cercato di <em>ingannarmi<\/em> facendo diventare <strong>l&#8217;allegria una abitudine<\/strong>. \ud83d\ude42<\/p>\n<p>Abbiate il <strong>coraggio di crederci<\/strong>. Dipende <strong>solo da voi<\/strong> essere felici.<\/p>\n<p><em>Con tutto o con niente accanto.<\/em><\/p>\n<p><strong>Emanuele<\/strong><\/p>\n","protected":false},"excerpt":{"rendered":"<p>C&#8217;\u00e8 una canzone che mi frulla in testa da mesi. Vi dissi che ve ne avrei parlato&#8230; ma non lo feci pi\u00f9. Eppure, quello spezzone del video, \u00e8 rimasto fisso nella mia mente per mesi&#8230; tanto che quella frase non &hellip; <a href=\"https:\/\/www.dreamsworld.it\/emanuele\/2008-09-27\/io-faro-sognare-il-mondo\/\">Leggi ancora &rarr;<\/a><\/p>\n","protected":false},"author":1,"featured_media":0,"comment_status":"open","ping_status":"closed","sticky":false,"template":"","format":"standard","meta":{"_jetpack_memberships_contains_paid_content":false,"activitypub_content_warning":"","activitypub_content_visibility":"","activitypub_max_image_attachments":4,"activitypub_interaction_policy_quote":"anyone","activitypub_status":"","footnotes":""},"categories":[9],"tags":[1133,64,544,236,71,70,252,121,136,292,516,69,380,2100,890,99,43,1139,188,31,339,830],"class_list":["post-3358","post","type-post","status-publish","format-standard","hentry","category-riflessioni","tag-abitudini","tag-allegria","tag-attenzione","tag-canzone","tag-canzoni","tag-elisa","tag-essenzialita","tag-felicita","tag-grinta","tag-impegni","tag-impegno","tag-musica","tag-positivita","tag-qualcosa-che-non-ce","tag-ridere","tag-semplicita","tag-serenita","tag-societa","tag-sorridere","tag-universita","tag-video","tag-volare"],"jetpack_featured_media_url":"","jetpack_sharing_enabled":true,"_links":{"self":[{"href":"https:\/\/www.dreamsworld.it\/emanuele\/wp-json\/wp\/v2\/posts\/3358","targetHints":{"allow":["GET"]}}],"collection":[{"href":"https:\/\/www.dreamsworld.it\/emanuele\/wp-json\/wp\/v2\/posts"}],"about":[{"href":"https:\/\/www.dreamsworld.it\/emanuele\/wp-json\/wp\/v2\/types\/post"}],"author":[{"embeddable":true,"href":"https:\/\/www.dreamsworld.it\/emanuele\/wp-json\/wp\/v2\/users\/1"}],"replies":[{"embeddable":true,"href":"https:\/\/www.dreamsworld.it\/emanuele\/wp-json\/wp\/v2\/comments?post=3358"}],"version-history":[{"count":0,"href":"https:\/\/www.dreamsworld.it\/emanuele\/wp-json\/wp\/v2\/posts\/3358\/revisions"}],"wp:attachment":[{"href":"https:\/\/www.dreamsworld.it\/emanuele\/wp-json\/wp\/v2\/media?parent=3358"}],"wp:term":[{"taxonomy":"category","embeddable":true,"href":"https:\/\/www.dreamsworld.it\/emanuele\/wp-json\/wp\/v2\/categories?post=3358"},{"taxonomy":"post_tag","embeddable":true,"href":"https:\/\/www.dreamsworld.it\/emanuele\/wp-json\/wp\/v2\/tags?post=3358"}],"curies":[{"name":"wp","href":"https:\/\/api.w.org\/{rel}","templated":true}]}}