{"id":1906,"date":"2008-03-22T10:13:42","date_gmt":"2008-03-22T09:13:42","guid":{"rendered":"https:\/\/www.dreamsworld.it\/emanuele\/2008-03-22\/pensieri-mattutini\/"},"modified":"2008-03-22T10:13:42","modified_gmt":"2008-03-22T09:13:42","slug":"pensieri-mattutini","status":"publish","type":"post","link":"https:\/\/www.dreamsworld.it\/emanuele\/2008-03-22\/pensieri-mattutini\/","title":{"rendered":"Pensieri mattutini&#8230;"},"content":{"rendered":"<p>Domani \u00e8 Pasqua&#8230; ed io da giorni sento un continuo <strong>malessere<\/strong> interiore. I post sono stati pochi, perch\u00e9 c&#8217;era poca voglia di aprire queste pagine.<\/p>\n<p>Ieri mi son confessato, ho parlato un po&#8217; pi\u00f9 del solito col sacerdote, ma non sembra esser bastato. Anche lui &#8211; non conoscendomi &#8211; forse \u00e8 stato fin troppo sbrigativo. Avevo bisogno di parlare ma \u00e8 volato subito alla assoluzione&#8230;<\/p>\n<p>Non mi sento in pace dentro&#8230; non mi sento in pace <strong>con molte persone<\/strong> che ho intorno. E non significa che abbia problemi con loro o discussioni in sospeso&#8230; \u00e8 solamente una mia condizione interiore.<\/p>\n<p>Fossi stato pi\u00f9 piccolo, oggi sarebbe stato uno di quei giorni in cui prendevo la bicicletta e <strong>andavo lontano<\/strong>. E invece rimango qui, tra queste quattro mura dalle quali oggi vorrei tanto allontanarmi. Non sono diventato apatico e non voglio diventarlo. Continuo a tenermi impegnato su tutti i fronti&#8230; continuo ad affrontare questo strano periodo con una parola fissa in testa: <strong>maturit\u00e0<\/strong>. <em>C&#8217;\u00e8 bisogno di questo in questo periodo, Emanuele.<\/em><\/p>\n<p><em>Cristo \u00e8 morto e stanotte risorger\u00e0.<\/em><\/p>\n<p>Ho <strong>bisogno<\/strong> di sentire questa rinascita anche nel mio cuore. E non fraintendetemi, non sto parlando per vie traverse di pene d&#8217;amore.<\/p>\n<p>Quelle ora come ora le tengo ben lontane da me. Ho bisogno piuttosto di quella serenit\u00e0 che respiro sempre a tratti, affannosamente&#8230; andandola a cercare con il lumino durante le mie giornate.<\/p>\n<p>Spero davvero che la veglia pasquale possa diventare una svolta&#8230; adesso mi metto a fare ci\u00f2 che devo fare, e chiss\u00e0&#8230; magari nel pomeriggio una passeggiata in bicicletta ci scappa pure.<\/p>\n<p>Il cielo \u00e8 nuovamente sereno, devo guardare anch&#8217;io il mondo con la stessa luce.<\/p>\n<p><strong>Emanuele<\/strong><\/p>\n","protected":false},"excerpt":{"rendered":"<p>Domani \u00e8 Pasqua&#8230; ed io da giorni sento un continuo malessere interiore. I post sono stati pochi, perch\u00e9 c&#8217;era poca voglia di aprire queste pagine. Ieri mi son confessato, ho parlato un po&#8217; pi\u00f9 del solito col sacerdote, ma non &hellip; <a href=\"https:\/\/www.dreamsworld.it\/emanuele\/2008-03-22\/pensieri-mattutini\/\">Leggi ancora &rarr;<\/a><\/p>\n","protected":false},"author":1,"featured_media":0,"comment_status":"open","ping_status":"closed","sticky":false,"template":"","format":"standard","meta":{"_jetpack_memberships_contains_paid_content":false,"activitypub_content_warning":"","activitypub_content_visibility":"","activitypub_max_image_attachments":4,"activitypub_interaction_policy_quote":"anyone","activitypub_status":"","footnotes":""},"categories":[1],"tags":[],"class_list":["post-1906","post","type-post","status-publish","format-standard","hentry","category-all-day"],"jetpack_featured_media_url":"","jetpack_sharing_enabled":true,"_links":{"self":[{"href":"https:\/\/www.dreamsworld.it\/emanuele\/wp-json\/wp\/v2\/posts\/1906","targetHints":{"allow":["GET"]}}],"collection":[{"href":"https:\/\/www.dreamsworld.it\/emanuele\/wp-json\/wp\/v2\/posts"}],"about":[{"href":"https:\/\/www.dreamsworld.it\/emanuele\/wp-json\/wp\/v2\/types\/post"}],"author":[{"embeddable":true,"href":"https:\/\/www.dreamsworld.it\/emanuele\/wp-json\/wp\/v2\/users\/1"}],"replies":[{"embeddable":true,"href":"https:\/\/www.dreamsworld.it\/emanuele\/wp-json\/wp\/v2\/comments?post=1906"}],"version-history":[{"count":0,"href":"https:\/\/www.dreamsworld.it\/emanuele\/wp-json\/wp\/v2\/posts\/1906\/revisions"}],"wp:attachment":[{"href":"https:\/\/www.dreamsworld.it\/emanuele\/wp-json\/wp\/v2\/media?parent=1906"}],"wp:term":[{"taxonomy":"category","embeddable":true,"href":"https:\/\/www.dreamsworld.it\/emanuele\/wp-json\/wp\/v2\/categories?post=1906"},{"taxonomy":"post_tag","embeddable":true,"href":"https:\/\/www.dreamsworld.it\/emanuele\/wp-json\/wp\/v2\/tags?post=1906"}],"curies":[{"name":"wp","href":"https:\/\/api.w.org\/{rel}","templated":true}]}}