{"id":168,"date":"2005-05-26T15:25:44","date_gmt":"2005-05-26T13:25:44","guid":{"rendered":"https:\/\/www.dreamsworld.it\/emanuele\/2005-05-26\/voglio-tornare-a-londra\/"},"modified":"2006-05-27T02:38:22","modified_gmt":"2006-05-27T00:38:22","slug":"voglio-tornare-a-londra","status":"publish","type":"post","link":"https:\/\/www.dreamsworld.it\/emanuele\/2005-05-26\/voglio-tornare-a-londra\/","title":{"rendered":"Voglio tornare a Londra!"},"content":{"rendered":"<p>Voglio&#8230; <font size=\"1\"><u>voglio<\/u><\/font>&#8230; <font size=\"3\">VOGLIO<\/font> tornare a Londra!!<\/p>\n<p>Sto ascoltando &#8220;Pachelbel &#8211; Cannon In D Major&#8221; e non so perch\u00e8&#8230; ma m&#8217;\u00e8 venuta una nostalgia assurda di Londra. Voglio tornarci&#8230; \u00e8 la mia isola dei sogni. Quanti pomeriggi stupendi&#8230; quante emozioni&#8230; cercavo di respirare il pi\u00f9 possibile perch\u00e8 pensavo &#8220;quando tornerai a casa, avrai come ricordo anche gli odori&#8230;&#8221;. E cos\u00ec \u00e8. Ogni tanto mi capita di sentire &#8220;l&#8217;odore di Londra&#8221; ed in un flash mi ritrovo a pensare a quella finestra dalla quale mi affacciavo&#8230; alle auto in senso contrario&#8230; alle targhe gialle&#8230; al cielo mai sereno&#8230; ai prati, alle scritte in inglese, alle voci&#8230; alla metropolitana cos\u00ec enorme&#8230; alla folla assurda di turisti&#8230; a Covent Garden.<\/p>\n<p>Sono li per ora&#8230; non fisicamente&#8230; ma con la mente.<\/p>\n<p>Voglio&#8230; tornarci.<\/p>\n<p><img decoding=\"async\" alt=\"Londra... nei miei sogni.\" src=\"\/\/www.dreamsworld.it\/emanuele\/wp-content\/uploads\/2005\/05\/2005-05-26_London.jpg\" \/><\/p>\n","protected":false},"excerpt":{"rendered":"<p>Voglio&#8230; voglio&#8230; VOGLIO tornare a Londra!! Sto ascoltando &#8220;Pachelbel &#8211; Cannon In D Major&#8221; e non so perch\u00e8&#8230; ma m&#8217;\u00e8 venuta una nostalgia assurda di Londra. Voglio tornarci&#8230; \u00e8 la mia isola dei sogni. Quanti pomeriggi stupendi&#8230; quante emozioni&#8230; cercavo &hellip; <a href=\"https:\/\/www.dreamsworld.it\/emanuele\/2005-05-26\/voglio-tornare-a-londra\/\">Leggi ancora &rarr;<\/a><\/p>\n","protected":false},"author":1,"featured_media":0,"comment_status":"open","ping_status":"closed","sticky":false,"template":"","format":"standard","meta":{"_jetpack_newsletter_access":"","_jetpack_dont_email_post_to_subs":false,"_jetpack_newsletter_tier_id":0,"_jetpack_memberships_contains_paywalled_content":false,"_jetpack_feature_clip_id":0,"_jetpack_memberships_contains_paid_content":false,"activitypub_content_warning":"","activitypub_content_visibility":"","activitypub_max_image_attachments":4,"activitypub_interaction_policy_quote":"anyone","activitypub_status":"","footnotes":"","jetpack_post_was_ever_published":false},"categories":[1],"tags":[],"class_list":["post-168","post","type-post","status-publish","format-standard","hentry","category-all-day"],"jetpack_sharing_enabled":true,"jetpack_featured_media_url":"","_links":{"self":[{"href":"https:\/\/www.dreamsworld.it\/emanuele\/wp-json\/wp\/v2\/posts\/168","targetHints":{"allow":["GET"]}}],"collection":[{"href":"https:\/\/www.dreamsworld.it\/emanuele\/wp-json\/wp\/v2\/posts"}],"about":[{"href":"https:\/\/www.dreamsworld.it\/emanuele\/wp-json\/wp\/v2\/types\/post"}],"author":[{"embeddable":true,"href":"https:\/\/www.dreamsworld.it\/emanuele\/wp-json\/wp\/v2\/users\/1"}],"replies":[{"embeddable":true,"href":"https:\/\/www.dreamsworld.it\/emanuele\/wp-json\/wp\/v2\/comments?post=168"}],"version-history":[{"count":0,"href":"https:\/\/www.dreamsworld.it\/emanuele\/wp-json\/wp\/v2\/posts\/168\/revisions"}],"wp:attachment":[{"href":"https:\/\/www.dreamsworld.it\/emanuele\/wp-json\/wp\/v2\/media?parent=168"}],"wp:term":[{"taxonomy":"category","embeddable":true,"href":"https:\/\/www.dreamsworld.it\/emanuele\/wp-json\/wp\/v2\/categories?post=168"},{"taxonomy":"post_tag","embeddable":true,"href":"https:\/\/www.dreamsworld.it\/emanuele\/wp-json\/wp\/v2\/tags?post=168"}],"curies":[{"name":"wp","href":"https:\/\/api.w.org\/{rel}","templated":true}]}}