{"id":1268,"date":"2007-04-06T02:52:54","date_gmt":"2007-04-06T00:52:54","guid":{"rendered":"https:\/\/www.dreamsworld.it\/emanuele\/2007-04-06\/e-adesso-e-nei-guai-per-sempre\/"},"modified":"2015-07-31T10:40:56","modified_gmt":"2015-07-31T08:40:56","slug":"e-adesso-e-nei-guai-per-sempre","status":"publish","type":"post","link":"https:\/\/www.dreamsworld.it\/emanuele\/2007-04-06\/e-adesso-e-nei-guai-per-sempre\/","title":{"rendered":"E adesso \u00e8 nei guai&#8230; (&#8220;per sempre&#8221;?!)"},"content":{"rendered":"<p>Penso che, dopo la <a href=\"http:\/\/www.mobileblog.it\/post\/2864\/wind-condannata-per-la-rimodulazione-del-noi2-siamo-ancora-sicuri-che-convenga-modificare-la-tariffa-a-tutti\" title=\"Wind condannata per la rimodulazione del Noi2: siamo ancora sicuri che convenga modificare la tariffa a tutti?\" target=\"_blank\">sentenza del 22 Marzo<\/a>, la <a href=\"http:\/\/www.wind.it\" title=\"Wind\" target=\"_blank\">Wind<\/a> si trovi in un mare di guai.<\/p>\n<p>La politica di questi anni della Wind non mi \u00e8 mai piaciuta. L&#8217;unico motivo per cui son rimasto \u00e8 stata l&#8217;opzione Noi 2 (una tariffa pseudo-flat che ha tutt&#8217;ora la mia ragazza verso il mio numero) e le <a href=\"\/\/www.dreamsworld.it\/emanuele\/2006-12-21\/la-wind-mi-fa-il-regalo-in-anticipo\/\" title=\"La Wind mi fa il regalo in anticipo...\" target=\"_blank\">offerte che mi ha fatto<\/a> di tanto in tanto.<\/p>\n<p>Il motivo principale della mia disapprovazione \u00e8, invece, la pubblicit\u00e0 ingannevole che hanno spesso utilizzato.<\/p>\n<p><em>Per sempre<\/em> di qua&#8230; <em>per sempre<\/em> di la&#8230; e poi, dopo alcuni mesi le condizioni cambiavano.<\/p>\n<p>Adesso per\u00f2 la Wind ha perso la seconda sentenza (la prima riguardava il <a href=\"http:\/\/www.mobileblog.it\/post\/2236\/wind-condannata-a-ripristinare-il-noi-wind-a-300-minuti\" title=\"Wind condannata a ripristinare il Noi Wind a 300 minuti\" target=\"_blank\">Noi Wind<\/a>) e cos\u00ec dovr\u00e0 iniziare a preoccuparsi, perch\u00e9 ovviamente, diventeranno dei grossi precedenti.<\/p>\n<p>Con l&#8217;ultima sentenza, la Wind si vede costretta, a ripristinare ad un utente che ha sporto denuncia, il <strong>Noi 2 di Wind<\/strong> a 500 minuti e solamente a 2 euro a mese.<\/p>\n<p><em>Ma facciamo un po&#8217; di storia.<\/em><\/p>\n<ol>\n<li>L&#8217;opzione Noi 2 di Wind <strong>nasce a Gennaio 2004<\/strong> ed offriva per <strong>2\u20ac\/mese 500 minuti<\/strong> di telefonate verso un numero. Se attivata entro il 31 Aprile il costo di attivazione (7 euro) era gratuito ed anche l&#8217;opzione stessa fino alla fine dell&#8217;anno. Un ottimo metodo per trovare nuovi clienti dunque.<\/li>\n<li>Il primo <strong>Gennaio 2005<\/strong> viene abbassata a <strong>400 minuti<\/strong> affermando che, in seguito ad alcune analisi che avevano evidenziato che la maggior parte dei loro utenti non usufruiva dei 500 minuti mensili, cercavano di ottimizzare le risorse. Personalmente, quell&#8217;anno ero giornalmente fuori casa&#8230; e cos\u00ec i 500 minuti volavano in pochissimi giorni&#8230; mi chiedo tutt&#8217;ora se quelle fantomatiche statistiche siano, quantomeno, <em>esistite<\/em>.<\/li>\n<li>La modifica di questa opzione ballerina per\u00f2&#8230; non si ferma li. Dall&#8217;1 <strong>Agosto 2005<\/strong> viene aumentato il canone mensile a <strong>3\u20ac al mese<\/strong>. <em>Quali altre statistiche hanno consultato questa volta? <\/em><\/li>\n<li>L&#8217;ultima modifica? No&#8230; la Wind, continua imperterrita nella sua strada. Il 5 <strong>marzo 2007<\/strong>, dopo <a href=\"\/\/www.dreamsworld.it\/emanuele\/2007-03-06\/mi-manda-rai-tre-parla-dei-costi-di-ricarica\/\" title=\"'Mi manda rai tre' parla dei costi di ricarica\">l&#8217;entrata in vigore<\/a> del Decreto Bersani, la Wind <a href=\"http:\/\/www.mobileblog.it\/post\/2720\/la-vergogna-di-wind-rimodulate-tutte-le-offerte\" title=\"La vergogna di Wind: rimodulate TUTTE le offerte\" target=\"_blank\">rimodula tutte le offerte<\/a> tra cui, immancabilmente, il Noi 2. <strong>Per 3\u20ac al mese, i minuti scendono a 300<\/strong>.<\/li>\n<\/ol>\n<p>In tre anni circa, <strong>la tariffa \u00e8 aumentata del 120%<\/strong> (un minuto inizialmente costava 0.004\u20ac, adesso \u00e8 arrivato a 0.01\u20ac). Eppure&#8230; per tanto tempo \u00e8 stata proposta come <em>&#8220;parli con numero a tua scelta&#8230; <strong>per sempre&#8230;<\/strong>&#8220;.<\/em><\/p>\n<p><strong>Quanto dura<\/strong> questo &#8220;per sempre&#8221; per la Wind? Guardando la cronostoria, in media, <strong>neanche un anno<\/strong>.<\/p>\n<p>Purtroppo ho perso lo scontrino d&#8217;acquisto della sim, <strike>ma credo che una telefonata al 155 risolver\u00e0 il problema di risalire alla data d&#8217;acquisto,<\/strike> tramite il <a href=\"http:\/\/www.wind.it\/it\/privati\/\" title=\"155.it\" target=\"_blank\">155.it<\/a> ho potuto conoscere la data di attivazione della mia sim (con relativa attivazione contestuale dell&#8217;opzione Noi2): 26 Febbraio 2004. Devo per\u00f2 chiamare per farmi dare la data di disattivazione del Noi 2 visto che l&#8217;sms l&#8217;ho <a href=\"\/\/www.dreamsworld.it\/emanuele\/2006-11-28\/cellulare-quando-cambiarlo\/\" title=\"Cellulare: quando cambiarlo?\" target=\"_blank\">perso<\/a> sfortunatamente alcuni mesi fa. Dopo di che, devo vedere come muovermi per chiedere un risarcimento.<\/p>\n<p>Purtroppo la mia pulcina non \u00e8 ancora avvocato&#8230; se c&#8217;\u00e8 qualcuno che voglia interessarsene mi faccia sapere o, comunque, chieder\u00f2 a qualche amico avvocato.<\/p>\n<p><strong>Emanuele<\/strong><\/p>\n","protected":false},"excerpt":{"rendered":"<p>Penso che, dopo la sentenza del 22 Marzo, la Wind si trovi in un mare di guai. La politica di questi anni della Wind non mi \u00e8 mai piaciuta. L&#8217;unico motivo per cui son rimasto \u00e8 stata l&#8217;opzione Noi 2 &hellip; <a href=\"https:\/\/www.dreamsworld.it\/emanuele\/2007-04-06\/e-adesso-e-nei-guai-per-sempre\/\">Leggi ancora &rarr;<\/a><\/p>\n","protected":false},"author":1,"featured_media":0,"comment_status":"open","ping_status":"closed","sticky":false,"template":"","format":"standard","meta":{"_jetpack_newsletter_access":"","_jetpack_dont_email_post_to_subs":false,"_jetpack_newsletter_tier_id":0,"_jetpack_memberships_contains_paywalled_content":false,"_jetpack_feature_clip_id":0,"_jetpack_memberships_contains_paid_content":false,"activitypub_content_warning":"","activitypub_content_visibility":"","activitypub_max_image_attachments":4,"activitypub_interaction_policy_quote":"anyone","activitypub_status":"","footnotes":"","jetpack_post_was_ever_published":false},"categories":[5],"tags":[],"class_list":["post-1268","post","type-post","status-publish","format-standard","hentry","category-dal-mondo"],"jetpack_sharing_enabled":true,"jetpack_featured_media_url":"","_links":{"self":[{"href":"https:\/\/www.dreamsworld.it\/emanuele\/wp-json\/wp\/v2\/posts\/1268","targetHints":{"allow":["GET"]}}],"collection":[{"href":"https:\/\/www.dreamsworld.it\/emanuele\/wp-json\/wp\/v2\/posts"}],"about":[{"href":"https:\/\/www.dreamsworld.it\/emanuele\/wp-json\/wp\/v2\/types\/post"}],"author":[{"embeddable":true,"href":"https:\/\/www.dreamsworld.it\/emanuele\/wp-json\/wp\/v2\/users\/1"}],"replies":[{"embeddable":true,"href":"https:\/\/www.dreamsworld.it\/emanuele\/wp-json\/wp\/v2\/comments?post=1268"}],"version-history":[{"count":0,"href":"https:\/\/www.dreamsworld.it\/emanuele\/wp-json\/wp\/v2\/posts\/1268\/revisions"}],"wp:attachment":[{"href":"https:\/\/www.dreamsworld.it\/emanuele\/wp-json\/wp\/v2\/media?parent=1268"}],"wp:term":[{"taxonomy":"category","embeddable":true,"href":"https:\/\/www.dreamsworld.it\/emanuele\/wp-json\/wp\/v2\/categories?post=1268"},{"taxonomy":"post_tag","embeddable":true,"href":"https:\/\/www.dreamsworld.it\/emanuele\/wp-json\/wp\/v2\/tags?post=1268"}],"curies":[{"name":"wp","href":"https:\/\/api.w.org\/{rel}","templated":true}]}}