{"id":11114,"date":"2023-07-17T21:04:48","date_gmt":"2023-07-17T19:04:48","guid":{"rendered":"https:\/\/www.dreamsworld.it\/emanuele\/?p=11114"},"modified":"2023-07-17T21:04:55","modified_gmt":"2023-07-17T19:04:55","slug":"il-mare-e-di-tutti-la-spiaggia-no","status":"publish","type":"post","link":"https:\/\/www.dreamsworld.it\/emanuele\/2023-07-17\/il-mare-e-di-tutti-la-spiaggia-no\/","title":{"rendered":"Il mare \u00e8 di tutti, la spiaggia no."},"content":{"rendered":"\n<p class=\"wp-block-paragraph\">A Viareggio ero stato qualche anno fa per una cena di lavoro. Era inverno e l&#8217;unica cosa che ricordo di quel veloce passaggio \u00e8 <strong>il buon pesce che mangiai<\/strong>. Questo mese per\u00f2, prima che le donne della famiglia partissero per la Sicilia, abbiamo trascorso una settimana l\u00ec tutti insieme.<\/p>\n\n\n\n<figure class=\"wp-block-image size-full\"><img loading=\"lazy\" decoding=\"async\" width=\"1024\" height=\"768\" src=\"https:\/\/www.dreamsworld.it\/emanuele\/wp-content\/uploads\/2023\/07\/2023-07-17_Viareggio_mare_04.jpg\" alt=\"Gazebo sulla spiaggia con due sdraio ed un tavolino, il mare sullo sfondo\" class=\"wp-image-11119\" srcset=\"https:\/\/www.dreamsworld.it\/emanuele\/wp-content\/uploads\/2023\/07\/2023-07-17_Viareggio_mare_04.jpg 1024w, https:\/\/www.dreamsworld.it\/emanuele\/wp-content\/uploads\/2023\/07\/2023-07-17_Viareggio_mare_04-400x300.jpg 400w, https:\/\/www.dreamsworld.it\/emanuele\/wp-content\/uploads\/2023\/07\/2023-07-17_Viareggio_mare_04-768x576.jpg 768w\" sizes=\"auto, (max-width: 1024px) 100vw, 1024px\" \/><\/figure>\n\n\n\n<p class=\"wp-block-paragraph\">L&#8217;anno scorso avevamo organizzato <a href=\"https:\/\/www.dreamsworld.it\/emanuele\/2022-09-08\/quanti-ricordi-conservi\/\">una settimana<\/a> a Marina di Pisa, poco pi\u00f9 gi\u00f9, ma personalmente ho apprezzato molto di pi\u00f9 <strong>il lungomare di Viareggio<\/strong> e l&#8217;aspetto ridente e vacanziero della cittadina.<\/p>\n\n\n\n<figure class=\"wp-block-gallery has-nested-images columns-default is-cropped wp-block-gallery-2 is-layout-flex wp-block-gallery-is-layout-flex\">\n<figure class=\"wp-block-image size-large\"><a href=\"https:\/\/www.dreamsworld.it\/emanuele\/wp-content\/uploads\/2023\/07\/2023-07-17_Viareggio_mare_01.jpg\"><img loading=\"lazy\" decoding=\"async\" width=\"1024\" height=\"768\" data-id=\"11118\" src=\"https:\/\/www.dreamsworld.it\/emanuele\/wp-content\/uploads\/2023\/07\/2023-07-17_Viareggio_mare_01.jpg\" alt=\"Un tratto di spiaggia di Viareggio con gli ombrelloni e le sdraio in fila\" class=\"wp-image-11118\" srcset=\"https:\/\/www.dreamsworld.it\/emanuele\/wp-content\/uploads\/2023\/07\/2023-07-17_Viareggio_mare_01.jpg 1024w, https:\/\/www.dreamsworld.it\/emanuele\/wp-content\/uploads\/2023\/07\/2023-07-17_Viareggio_mare_01-400x300.jpg 400w, https:\/\/www.dreamsworld.it\/emanuele\/wp-content\/uploads\/2023\/07\/2023-07-17_Viareggio_mare_01-768x576.jpg 768w\" sizes=\"auto, (max-width: 1024px) 100vw, 1024px\" \/><\/a><\/figure>\n\n\n\n<figure class=\"wp-block-image size-large\"><a href=\"https:\/\/www.dreamsworld.it\/emanuele\/wp-content\/uploads\/2023\/07\/2023-07-17_Viareggio_mare_02.jpg\"><img loading=\"lazy\" decoding=\"async\" width=\"1024\" height=\"768\" data-id=\"11116\" src=\"https:\/\/www.dreamsworld.it\/emanuele\/wp-content\/uploads\/2023\/07\/2023-07-17_Viareggio_mare_02.jpg\" alt=\"Vista del lungomare di Viareggio dalla ruota panoramica\" class=\"wp-image-11116\" srcset=\"https:\/\/www.dreamsworld.it\/emanuele\/wp-content\/uploads\/2023\/07\/2023-07-17_Viareggio_mare_02.jpg 1024w, https:\/\/www.dreamsworld.it\/emanuele\/wp-content\/uploads\/2023\/07\/2023-07-17_Viareggio_mare_02-400x300.jpg 400w, https:\/\/www.dreamsworld.it\/emanuele\/wp-content\/uploads\/2023\/07\/2023-07-17_Viareggio_mare_02-768x576.jpg 768w\" sizes=\"auto, (max-width: 1024px) 100vw, 1024px\" \/><\/a><\/figure>\n\n\n\n<figure class=\"wp-block-image size-large\"><a href=\"https:\/\/www.dreamsworld.it\/emanuele\/wp-content\/uploads\/2023\/07\/2023-07-17_Viareggio_mare_03.jpg\"><img loading=\"lazy\" decoding=\"async\" width=\"1024\" height=\"768\" data-id=\"11117\" src=\"https:\/\/www.dreamsworld.it\/emanuele\/wp-content\/uploads\/2023\/07\/2023-07-17_Viareggio_mare_03.jpg\" alt=\"Distesa di ombrelloni e sedie a sdraio organizzate sulla spiaggia\" class=\"wp-image-11117\" srcset=\"https:\/\/www.dreamsworld.it\/emanuele\/wp-content\/uploads\/2023\/07\/2023-07-17_Viareggio_mare_03.jpg 1024w, https:\/\/www.dreamsworld.it\/emanuele\/wp-content\/uploads\/2023\/07\/2023-07-17_Viareggio_mare_03-400x300.jpg 400w, https:\/\/www.dreamsworld.it\/emanuele\/wp-content\/uploads\/2023\/07\/2023-07-17_Viareggio_mare_03-768x576.jpg 768w\" sizes=\"auto, (max-width: 1024px) 100vw, 1024px\" \/><\/a><\/figure>\n<\/figure>\n\n\n\n<p class=\"wp-block-paragraph\">Il mare &#8211; perdonatemi toscani &#8211; <strong>non \u00e8 indimenticabile<\/strong> ma \u00e8 encomiabile la capacit\u00e0 di sfruttarne la costa. Questo per\u00f2 \u00e8 un tema complesso e delicato sul quale da anni l&#8217;Europa <a rel=\"noreferrer noopener\" href=\"https:\/\/www.ilpost.it\/2023\/07\/09\/governo-gare-concessioni-balneari\/\" target=\"_blank\">vorrebbe facessimo un po&#8217; di ordine<\/a>.<\/p>\n\n\n\n<p class=\"wp-block-paragraph\">Riconosco che i \u00ab<em>bagni<\/em>\u00bb <strong>abbiano un valore<\/strong>: le strutture del secolo scorso riportano immediatamente alla mente le vacanze da cartolina che molti film italiani ci hanno raccontato ed i servizi disponibili rendono la permanenza semplice e piacevole. Al contempo rimango molto critico per le modalit\u00e0 poco eque di assegnazione delle licenze e per il fatto che, come la montagna, <strong>il mare non andrebbe privatizzato<\/strong>. Dalla ruota panoramica di Viareggio si vede una lunga distesa di bagni e individuare la spiaggia libera \u00e8 un&#8217;impresa che ogni anno fa la fortuna di pochi eletti.<\/p>\n\n\n\n<p class=\"wp-block-paragraph\"><strong>Emanuele<\/strong><\/p>\n","protected":false},"excerpt":{"rendered":"<p>A Viareggio ero stato qualche anno fa per una cena di lavoro. Era inverno e l&#8217;unica cosa che ricordo di quel veloce passaggio \u00e8 il buon pesce che mangiai. Questo mese per\u00f2, prima che le donne della famiglia partissero per &hellip; <a href=\"https:\/\/www.dreamsworld.it\/emanuele\/2023-07-17\/il-mare-e-di-tutti-la-spiaggia-no\/\">Leggi ancora &rarr;<\/a><\/p>\n","protected":false},"author":1,"featured_media":0,"comment_status":"open","ping_status":"open","sticky":false,"template":"","format":"standard","meta":{"_jetpack_newsletter_access":"","_jetpack_dont_email_post_to_subs":false,"_jetpack_newsletter_tier_id":0,"_jetpack_memberships_contains_paywalled_content":false,"_jetpack_feature_clip_id":0,"_jetpack_memberships_contains_paid_content":false,"activitypub_content_warning":"","activitypub_content_visibility":"","activitypub_max_image_attachments":4,"activitypub_interaction_policy_quote":"anyone","activitypub_status":"","footnotes":"","jetpack_post_was_ever_published":false},"categories":[5],"tags":[224,237,606,296,1328,2672,1513,1403,278,63],"class_list":["post-11114","post","type-post","status-publish","format-standard","hentry","category-dal-mondo","tag-famiglia","tag-liberta","tag-mare","tag-relax","tag-spiaggia","tag-toscana","tag-vacanza","tag-vacanze","tag-viaggiare","tag-vita"],"jetpack_sharing_enabled":true,"jetpack_featured_media_url":"","_links":{"self":[{"href":"https:\/\/www.dreamsworld.it\/emanuele\/wp-json\/wp\/v2\/posts\/11114","targetHints":{"allow":["GET"]}}],"collection":[{"href":"https:\/\/www.dreamsworld.it\/emanuele\/wp-json\/wp\/v2\/posts"}],"about":[{"href":"https:\/\/www.dreamsworld.it\/emanuele\/wp-json\/wp\/v2\/types\/post"}],"author":[{"embeddable":true,"href":"https:\/\/www.dreamsworld.it\/emanuele\/wp-json\/wp\/v2\/users\/1"}],"replies":[{"embeddable":true,"href":"https:\/\/www.dreamsworld.it\/emanuele\/wp-json\/wp\/v2\/comments?post=11114"}],"version-history":[{"count":0,"href":"https:\/\/www.dreamsworld.it\/emanuele\/wp-json\/wp\/v2\/posts\/11114\/revisions"}],"wp:attachment":[{"href":"https:\/\/www.dreamsworld.it\/emanuele\/wp-json\/wp\/v2\/media?parent=11114"}],"wp:term":[{"taxonomy":"category","embeddable":true,"href":"https:\/\/www.dreamsworld.it\/emanuele\/wp-json\/wp\/v2\/categories?post=11114"},{"taxonomy":"post_tag","embeddable":true,"href":"https:\/\/www.dreamsworld.it\/emanuele\/wp-json\/wp\/v2\/tags?post=11114"}],"curies":[{"name":"wp","href":"https:\/\/api.w.org\/{rel}","templated":true}]}}